{"id":10800,"date":"2026-04-27T14:51:20","date_gmt":"2026-04-27T12:51:20","guid":{"rendered":"https:\/\/campinglaspalmeras.com\/?p=10800"},"modified":"2026-04-27T15:03:27","modified_gmt":"2026-04-27T13:03:27","slug":"el-mundial-2026-es-viu-al-camping","status":"publish","type":"post","link":"https:\/\/campinglaspalmeras.com\/ca\/el-mundial-2026-es-viu-al-camping\/","title":{"rendered":"El Mundial 2026 es viu al c\u00e0mping"},"content":{"rendered":"<section  class='av_textblock_section av-3rii374-32643ee8a7db4e5133d11432307544f4 '   itemscope=\"itemscope\" itemtype=\"https:\/\/schema.org\/BlogPosting\" itemprop=\"blogPost\" ><div class='avia_textblock'  itemprop=\"text\" ><p>Aquest estiu, podr\u00e0s seguir tots els partits de la Copa Mundial de la FIFA 2026 sense sortir del c\u00e0mping.<\/p>\n<p>Hem habilitat fins a <strong>sis pantalles de televisi\u00f3<\/strong> perqu\u00e8 no et perdis cap moment. Comparteix els partits amb altres aficionats, crea ambient i viu cada jornada com si fossis a l\u2019estadi.<\/p>\n<p>Un punt de trobada internacional per gaudir del futbol com toca.<\/p>\n<\/div><\/section>\n","protected":false},"excerpt":{"rendered":"<p>Aquest estiu, podr\u00e0s seguir tots els partits de la Copa Mundial de la FIFA 2026 sense sortir del c\u00e0mping.<\/p>\n","protected":false},"author":2,"featured_media":10818,"comment_status":"closed","ping_status":"closed","sticky":false,"template":"","format":"standard","meta":[],"categories":[24],"tags":[],"yoast_head":"<!-- This site is optimized with the Yoast SEO plugin v20.9 - https:\/\/yoast.com\/wordpress\/plugins\/seo\/ -->\n<title>El Mundial 2026 es viu al c\u00e0mping - Camping Las Palmeras Costa Brava<\/title>\n<meta name=\"robots\" content=\"index, follow, max-snippet:-1, max-image-preview:large, max-video-preview:-1\" \/>\n<link rel=\"canonical\" href=\"https:\/\/campinglaspalmeras.com\/ca\/el-mundial-2026-es-viu-al-camping\/\" \/>\n<meta property=\"og:locale\" content=\"ca_ES\" \/>\n<meta property=\"og:type\" content=\"article\" \/>\n<meta property=\"og:title\" content=\"El Mundial 2026 es viu al c\u00e0mping - Camping Las Palmeras Costa Brava\" \/>\n<meta property=\"og:description\" content=\"Aquest estiu, podr\u00e0s seguir tots els partits de la Copa Mundial de la FIFA 2026 sense sortir del c\u00e0mping.\" \/>\n<meta property=\"og:url\" content=\"https:\/\/campinglaspalmeras.com\/ca\/el-mundial-2026-es-viu-al-camping\/\" \/>\n<meta property=\"og:site_name\" content=\"Camping Las Palmeras Costa Brava\" \/>\n<meta property=\"article:publisher\" content=\"https:\/\/www.facebook.com\/campingpalmeras\" \/>\n<meta property=\"article:published_time\" content=\"2026-04-27T12:51:20+00:00\" \/>\n<meta property=\"article:modified_time\" content=\"2026-04-27T13:03:27+00:00\" \/>\n<meta property=\"og:image\" content=\"https:\/\/campinglaspalmeras.com\/wp-content\/uploads\/2026\/04\/ok-1.jpg\" \/>\n\t<meta property=\"og:image:width\" content=\"1200\" \/>\n\t<meta property=\"og:image:height\" content=\"800\" \/>\n\t<meta property=\"og:image:type\" content=\"image\/jpeg\" \/>\n<meta name=\"author\" content=\"cl-administrador\" \/>\n<meta name=\"twitter:card\" content=\"summary_large_image\" \/>\n<meta name=\"twitter:creator\" content=\"@CLasPalmeras\" \/>\n<meta name=\"twitter:site\" content=\"@CLasPalmeras\" \/>\n<meta name=\"twitter:label1\" content=\"Escrit per\" \/>\n\t<meta name=\"twitter:data1\" content=\"cl-administrador\" \/>\n\t<meta name=\"twitter:label2\" content=\"Temps estimat de lectura\" \/>\n\t<meta name=\"twitter:data2\" content=\"1 minut\" \/>\n<script type=\"application\/ld+json\" class=\"yoast-schema-graph\">{\"@context\":\"https:\/\/schema.org\",\"@graph\":[{\"@type\":\"WebPage\",\"@id\":\"https:\/\/campinglaspalmeras.com\/ca\/el-mundial-2026-es-viu-al-camping\/\",\"url\":\"https:\/\/campinglaspalmeras.com\/ca\/el-mundial-2026-es-viu-al-camping\/\",\"name\":\"El Mundial 2026 es viu al c\u00e0mping - Camping Las Palmeras Costa Brava\",\"isPartOf\":{\"@id\":\"https:\/\/campinglaspalmeras.com\/ca\/#website\"},\"datePublished\":\"2026-04-27T12:51:20+00:00\",\"dateModified\":\"2026-04-27T13:03:27+00:00\",\"author\":{\"@id\":\"https:\/\/campinglaspalmeras.com\/ca\/#\/schema\/person\/73dd7ef71e1f2802b47a19dcab2eb6b8\"},\"breadcrumb\":{\"@id\":\"https:\/\/campinglaspalmeras.com\/ca\/el-mundial-2026-es-viu-al-camping\/#breadcrumb\"},\"inLanguage\":\"ca\",\"potentialAction\":[{\"@type\":\"ReadAction\",\"target\":[\"https:\/\/campinglaspalmeras.com\/ca\/el-mundial-2026-es-viu-al-camping\/\"]}]},{\"@type\":\"BreadcrumbList\",\"@id\":\"https:\/\/campinglaspalmeras.com\/ca\/el-mundial-2026-es-viu-al-camping\/#breadcrumb\",\"itemListElement\":[{\"@type\":\"ListItem\",\"position\":1,\"name\":\"Portada\",\"item\":\"https:\/\/campinglaspalmeras.com\/ca\/inici\/\"},{\"@type\":\"ListItem\",\"position\":2,\"name\":\"El Mundial 2026 es viu al c\u00e0mping\"}]},{\"@type\":\"WebSite\",\"@id\":\"https:\/\/campinglaspalmeras.com\/ca\/#website\",\"url\":\"https:\/\/campinglaspalmeras.com\/ca\/\",\"name\":\"Camping Las Palmeras Costa Brava\",\"description\":\"Camping Las Palmeras Costa Brava\",\"potentialAction\":[{\"@type\":\"SearchAction\",\"target\":{\"@type\":\"EntryPoint\",\"urlTemplate\":\"https:\/\/campinglaspalmeras.com\/ca\/?s={search_term_string}\"},\"query-input\":\"required name=search_term_string\"}],\"inLanguage\":\"ca\"},{\"@type\":\"Person\",\"@id\":\"https:\/\/campinglaspalmeras.com\/ca\/#\/schema\/person\/73dd7ef71e1f2802b47a19dcab2eb6b8\",\"name\":\"cl-administrador\",\"url\":\"https:\/\/campinglaspalmeras.com\/ca\/author\/cl-administrador\/\"}]}<\/script>\n<!-- \/ Yoast SEO plugin. -->","yoast_head_json":{"title":"El Mundial 2026 es viu al c\u00e0mping - Camping Las Palmeras Costa Brava","robots":{"index":"index","follow":"follow","max-snippet":"max-snippet:-1","max-image-preview":"max-image-preview:large","max-video-preview":"max-video-preview:-1"},"canonical":"https:\/\/campinglaspalmeras.com\/ca\/el-mundial-2026-es-viu-al-camping\/","og_locale":"ca_ES","og_type":"article","og_title":"El Mundial 2026 es viu al c\u00e0mping - Camping Las Palmeras Costa Brava","og_description":"Aquest estiu, podr\u00e0s seguir tots els partits de la Copa Mundial de la FIFA 2026 sense sortir del c\u00e0mping.","og_url":"https:\/\/campinglaspalmeras.com\/ca\/el-mundial-2026-es-viu-al-camping\/","og_site_name":"Camping Las Palmeras Costa Brava","article_publisher":"https:\/\/www.facebook.com\/campingpalmeras","article_published_time":"2026-04-27T12:51:20+00:00","article_modified_time":"2026-04-27T13:03:27+00:00","og_image":[{"width":1200,"height":800,"url":"https:\/\/campinglaspalmeras.com\/wp-content\/uploads\/2026\/04\/ok-1.jpg","type":"image\/jpeg"}],"author":"cl-administrador","twitter_card":"summary_large_image","twitter_creator":"@CLasPalmeras","twitter_site":"@CLasPalmeras","twitter_misc":{"Escrit per":"cl-administrador","Temps estimat de lectura":"1 minut"},"schema":{"@context":"https:\/\/schema.org","@graph":[{"@type":"WebPage","@id":"https:\/\/campinglaspalmeras.com\/ca\/el-mundial-2026-es-viu-al-camping\/","url":"https:\/\/campinglaspalmeras.com\/ca\/el-mundial-2026-es-viu-al-camping\/","name":"El Mundial 2026 es viu al c\u00e0mping - Camping Las Palmeras Costa Brava","isPartOf":{"@id":"https:\/\/campinglaspalmeras.com\/ca\/#website"},"datePublished":"2026-04-27T12:51:20+00:00","dateModified":"2026-04-27T13:03:27+00:00","author":{"@id":"https:\/\/campinglaspalmeras.com\/ca\/#\/schema\/person\/73dd7ef71e1f2802b47a19dcab2eb6b8"},"breadcrumb":{"@id":"https:\/\/campinglaspalmeras.com\/ca\/el-mundial-2026-es-viu-al-camping\/#breadcrumb"},"inLanguage":"ca","potentialAction":[{"@type":"ReadAction","target":["https:\/\/campinglaspalmeras.com\/ca\/el-mundial-2026-es-viu-al-camping\/"]}]},{"@type":"BreadcrumbList","@id":"https:\/\/campinglaspalmeras.com\/ca\/el-mundial-2026-es-viu-al-camping\/#breadcrumb","itemListElement":[{"@type":"ListItem","position":1,"name":"Portada","item":"https:\/\/campinglaspalmeras.com\/ca\/inici\/"},{"@type":"ListItem","position":2,"name":"El Mundial 2026 es viu al c\u00e0mping"}]},{"@type":"WebSite","@id":"https:\/\/campinglaspalmeras.com\/ca\/#website","url":"https:\/\/campinglaspalmeras.com\/ca\/","name":"Camping Las Palmeras Costa Brava","description":"Camping Las Palmeras Costa Brava","potentialAction":[{"@type":"SearchAction","target":{"@type":"EntryPoint","urlTemplate":"https:\/\/campinglaspalmeras.com\/ca\/?s={search_term_string}"},"query-input":"required name=search_term_string"}],"inLanguage":"ca"},{"@type":"Person","@id":"https:\/\/campinglaspalmeras.com\/ca\/#\/schema\/person\/73dd7ef71e1f2802b47a19dcab2eb6b8","name":"cl-administrador","url":"https:\/\/campinglaspalmeras.com\/ca\/author\/cl-administrador\/"}]}},"_links":{"self":[{"href":"https:\/\/campinglaspalmeras.com\/ca\/wp-json\/wp\/v2\/posts\/10800"}],"collection":[{"href":"https:\/\/campinglaspalmeras.com\/ca\/wp-json\/wp\/v2\/posts"}],"about":[{"href":"https:\/\/campinglaspalmeras.com\/ca\/wp-json\/wp\/v2\/types\/post"}],"author":[{"embeddable":true,"href":"https:\/\/campinglaspalmeras.com\/ca\/wp-json\/wp\/v2\/users\/2"}],"replies":[{"embeddable":true,"href":"https:\/\/campinglaspalmeras.com\/ca\/wp-json\/wp\/v2\/comments?post=10800"}],"version-history":[{"count":10,"href":"https:\/\/campinglaspalmeras.com\/ca\/wp-json\/wp\/v2\/posts\/10800\/revisions"}],"predecessor-version":[{"id":10829,"href":"https:\/\/campinglaspalmeras.com\/ca\/wp-json\/wp\/v2\/posts\/10800\/revisions\/10829"}],"wp:featuredmedia":[{"embeddable":true,"href":"https:\/\/campinglaspalmeras.com\/ca\/wp-json\/wp\/v2\/media\/10818"}],"wp:attachment":[{"href":"https:\/\/campinglaspalmeras.com\/ca\/wp-json\/wp\/v2\/media?parent=10800"}],"wp:term":[{"taxonomy":"category","embeddable":true,"href":"https:\/\/campinglaspalmeras.com\/ca\/wp-json\/wp\/v2\/categories?post=10800"},{"taxonomy":"post_tag","embeddable":true,"href":"https:\/\/campinglaspalmeras.com\/ca\/wp-json\/wp\/v2\/tags?post=10800"}],"curies":[{"name":"wp","href":"https:\/\/api.w.org\/{rel}","templated":true}]}}