{"id":10830,"date":"2026-04-27T15:05:53","date_gmt":"2026-04-27T13:05:53","guid":{"rendered":"https:\/\/campinglaspalmeras.com\/?p=10830"},"modified":"2026-04-27T15:05:54","modified_gmt":"2026-04-27T13:05:54","slug":"el-mundial-2026-se-vive-en-el-camping","status":"publish","type":"post","link":"https:\/\/campinglaspalmeras.com\/es\/el-mundial-2026-se-vive-en-el-camping\/","title":{"rendered":"El Mundial 2026 se vive en el camping"},"content":{"rendered":"\n<p>Este verano podr\u00e1s ver todos los partidos de la Copa Mundial de la FIFA 2026 sin salir del camping.<\/p>\n\n\n\n<p>Contaremos con <strong>seis pantallas de televisi\u00f3n<\/strong> para que no te pierdas nada. Comparte los partidos con otros aficionados y vive el ambiente en directo.<\/p>\n\n\n\n<p>Un espacio para disfrutar del f\u00fatbol en compa\u00f1\u00eda, con un ambiente internacional \u00fanico.<\/p>\n","protected":false},"excerpt":{"rendered":"<p>Este verano podr\u00e1s ver todos los partidos de la Copa Mundial de la FIFA 2026 sin salir del camping. Contaremos con seis pantallas de televisi\u00f3n para que no te pierdas nada. Comparte los partidos con otros aficionados y vive el ambiente en directo. Un espacio para disfrutar del f\u00fatbol en compa\u00f1\u00eda, con un ambiente internacional [&hellip;]<\/p>\n","protected":false},"author":2,"featured_media":10825,"comment_status":"closed","ping_status":"closed","sticky":false,"template":"","format":"standard","meta":[],"categories":[29],"tags":[],"yoast_head":"<!-- This site is optimized with the Yoast SEO plugin v20.9 - https:\/\/yoast.com\/wordpress\/plugins\/seo\/ -->\n<title>El Mundial 2026 se vive en el camping - Camping Las Palmeras Costa Brava<\/title>\n<meta name=\"robots\" content=\"index, follow, max-snippet:-1, max-image-preview:large, max-video-preview:-1\" \/>\n<link rel=\"canonical\" href=\"https:\/\/campinglaspalmeras.com\/es\/el-mundial-2026-se-vive-en-el-camping\/\" \/>\n<meta property=\"og:locale\" content=\"es_ES\" \/>\n<meta property=\"og:type\" content=\"article\" \/>\n<meta property=\"og:title\" content=\"El Mundial 2026 se vive en el camping - Camping Las Palmeras Costa Brava\" \/>\n<meta property=\"og:description\" content=\"Este verano podr\u00e1s ver todos los partidos de la Copa Mundial de la FIFA 2026 sin salir del camping. Contaremos con seis pantallas de televisi\u00f3n para que no te pierdas nada. Comparte los partidos con otros aficionados y vive el ambiente en directo. Un espacio para disfrutar del f\u00fatbol en compa\u00f1\u00eda, con un ambiente internacional [&hellip;]\" \/>\n<meta property=\"og:url\" content=\"https:\/\/campinglaspalmeras.com\/es\/el-mundial-2026-se-vive-en-el-camping\/\" \/>\n<meta property=\"og:site_name\" content=\"Camping Las Palmeras Costa Brava\" \/>\n<meta property=\"article:publisher\" content=\"https:\/\/www.facebook.com\/campingpalmeras\" \/>\n<meta property=\"article:published_time\" content=\"2026-04-27T13:05:53+00:00\" \/>\n<meta property=\"article:modified_time\" content=\"2026-04-27T13:05:54+00:00\" \/>\n<meta property=\"og:image\" content=\"https:\/\/campinglaspalmeras.com\/wp-content\/uploads\/2026\/04\/ok-1.jpg\" \/>\n\t<meta property=\"og:image:width\" content=\"1200\" \/>\n\t<meta property=\"og:image:height\" content=\"800\" \/>\n\t<meta property=\"og:image:type\" content=\"image\/jpeg\" \/>\n<meta name=\"author\" content=\"cl-administrador\" \/>\n<meta name=\"twitter:card\" content=\"summary_large_image\" \/>\n<meta name=\"twitter:creator\" content=\"@CLasPalmeras\" \/>\n<meta name=\"twitter:site\" content=\"@CLasPalmeras\" \/>\n<meta name=\"twitter:label1\" content=\"Escrito por\" \/>\n\t<meta name=\"twitter:data1\" content=\"cl-administrador\" \/>\n\t<meta name=\"twitter:label2\" content=\"Tiempo de lectura\" \/>\n\t<meta name=\"twitter:data2\" content=\"1 minuto\" \/>\n<script type=\"application\/ld+json\" class=\"yoast-schema-graph\">{\"@context\":\"https:\/\/schema.org\",\"@graph\":[{\"@type\":\"WebPage\",\"@id\":\"https:\/\/campinglaspalmeras.com\/es\/el-mundial-2026-se-vive-en-el-camping\/\",\"url\":\"https:\/\/campinglaspalmeras.com\/es\/el-mundial-2026-se-vive-en-el-camping\/\",\"name\":\"El Mundial 2026 se vive en el camping - Camping Las Palmeras Costa Brava\",\"isPartOf\":{\"@id\":\"https:\/\/campinglaspalmeras.com\/ca\/#website\"},\"datePublished\":\"2026-04-27T13:05:53+00:00\",\"dateModified\":\"2026-04-27T13:05:54+00:00\",\"author\":{\"@id\":\"https:\/\/campinglaspalmeras.com\/ca\/#\/schema\/person\/73dd7ef71e1f2802b47a19dcab2eb6b8\"},\"breadcrumb\":{\"@id\":\"https:\/\/campinglaspalmeras.com\/es\/el-mundial-2026-se-vive-en-el-camping\/#breadcrumb\"},\"inLanguage\":\"es\",\"potentialAction\":[{\"@type\":\"ReadAction\",\"target\":[\"https:\/\/campinglaspalmeras.com\/es\/el-mundial-2026-se-vive-en-el-camping\/\"]}]},{\"@type\":\"BreadcrumbList\",\"@id\":\"https:\/\/campinglaspalmeras.com\/es\/el-mundial-2026-se-vive-en-el-camping\/#breadcrumb\",\"itemListElement\":[{\"@type\":\"ListItem\",\"position\":1,\"name\":\"Portada\",\"item\":\"https:\/\/campinglaspalmeras.com\/es\/inicio\/\"},{\"@type\":\"ListItem\",\"position\":2,\"name\":\"El Mundial 2026 se vive en el camping\"}]},{\"@type\":\"WebSite\",\"@id\":\"https:\/\/campinglaspalmeras.com\/ca\/#website\",\"url\":\"https:\/\/campinglaspalmeras.com\/ca\/\",\"name\":\"Camping Las Palmeras Costa Brava\",\"description\":\"Camping Las Palmeras Costa Brava\",\"potentialAction\":[{\"@type\":\"SearchAction\",\"target\":{\"@type\":\"EntryPoint\",\"urlTemplate\":\"https:\/\/campinglaspalmeras.com\/ca\/?s={search_term_string}\"},\"query-input\":\"required name=search_term_string\"}],\"inLanguage\":\"es\"},{\"@type\":\"Person\",\"@id\":\"https:\/\/campinglaspalmeras.com\/ca\/#\/schema\/person\/73dd7ef71e1f2802b47a19dcab2eb6b8\",\"name\":\"cl-administrador\",\"url\":\"https:\/\/campinglaspalmeras.com\/es\/author\/cl-administrador\/\"}]}<\/script>\n<!-- \/ Yoast SEO plugin. -->","yoast_head_json":{"title":"El Mundial 2026 se vive en el camping - Camping Las Palmeras Costa Brava","robots":{"index":"index","follow":"follow","max-snippet":"max-snippet:-1","max-image-preview":"max-image-preview:large","max-video-preview":"max-video-preview:-1"},"canonical":"https:\/\/campinglaspalmeras.com\/es\/el-mundial-2026-se-vive-en-el-camping\/","og_locale":"es_ES","og_type":"article","og_title":"El Mundial 2026 se vive en el camping - Camping Las Palmeras Costa Brava","og_description":"Este verano podr\u00e1s ver todos los partidos de la Copa Mundial de la FIFA 2026 sin salir del camping. Contaremos con seis pantallas de televisi\u00f3n para que no te pierdas nada. Comparte los partidos con otros aficionados y vive el ambiente en directo. Un espacio para disfrutar del f\u00fatbol en compa\u00f1\u00eda, con un ambiente internacional [&hellip;]","og_url":"https:\/\/campinglaspalmeras.com\/es\/el-mundial-2026-se-vive-en-el-camping\/","og_site_name":"Camping Las Palmeras Costa Brava","article_publisher":"https:\/\/www.facebook.com\/campingpalmeras","article_published_time":"2026-04-27T13:05:53+00:00","article_modified_time":"2026-04-27T13:05:54+00:00","og_image":[{"width":1200,"height":800,"url":"https:\/\/campinglaspalmeras.com\/wp-content\/uploads\/2026\/04\/ok-1.jpg","type":"image\/jpeg"}],"author":"cl-administrador","twitter_card":"summary_large_image","twitter_creator":"@CLasPalmeras","twitter_site":"@CLasPalmeras","twitter_misc":{"Escrito por":"cl-administrador","Tiempo de lectura":"1 minuto"},"schema":{"@context":"https:\/\/schema.org","@graph":[{"@type":"WebPage","@id":"https:\/\/campinglaspalmeras.com\/es\/el-mundial-2026-se-vive-en-el-camping\/","url":"https:\/\/campinglaspalmeras.com\/es\/el-mundial-2026-se-vive-en-el-camping\/","name":"El Mundial 2026 se vive en el camping - Camping Las Palmeras Costa Brava","isPartOf":{"@id":"https:\/\/campinglaspalmeras.com\/ca\/#website"},"datePublished":"2026-04-27T13:05:53+00:00","dateModified":"2026-04-27T13:05:54+00:00","author":{"@id":"https:\/\/campinglaspalmeras.com\/ca\/#\/schema\/person\/73dd7ef71e1f2802b47a19dcab2eb6b8"},"breadcrumb":{"@id":"https:\/\/campinglaspalmeras.com\/es\/el-mundial-2026-se-vive-en-el-camping\/#breadcrumb"},"inLanguage":"es","potentialAction":[{"@type":"ReadAction","target":["https:\/\/campinglaspalmeras.com\/es\/el-mundial-2026-se-vive-en-el-camping\/"]}]},{"@type":"BreadcrumbList","@id":"https:\/\/campinglaspalmeras.com\/es\/el-mundial-2026-se-vive-en-el-camping\/#breadcrumb","itemListElement":[{"@type":"ListItem","position":1,"name":"Portada","item":"https:\/\/campinglaspalmeras.com\/es\/inicio\/"},{"@type":"ListItem","position":2,"name":"El Mundial 2026 se vive en el camping"}]},{"@type":"WebSite","@id":"https:\/\/campinglaspalmeras.com\/ca\/#website","url":"https:\/\/campinglaspalmeras.com\/ca\/","name":"Camping Las Palmeras Costa Brava","description":"Camping Las Palmeras Costa Brava","potentialAction":[{"@type":"SearchAction","target":{"@type":"EntryPoint","urlTemplate":"https:\/\/campinglaspalmeras.com\/ca\/?s={search_term_string}"},"query-input":"required name=search_term_string"}],"inLanguage":"es"},{"@type":"Person","@id":"https:\/\/campinglaspalmeras.com\/ca\/#\/schema\/person\/73dd7ef71e1f2802b47a19dcab2eb6b8","name":"cl-administrador","url":"https:\/\/campinglaspalmeras.com\/es\/author\/cl-administrador\/"}]}},"_links":{"self":[{"href":"https:\/\/campinglaspalmeras.com\/es\/wp-json\/wp\/v2\/posts\/10830"}],"collection":[{"href":"https:\/\/campinglaspalmeras.com\/es\/wp-json\/wp\/v2\/posts"}],"about":[{"href":"https:\/\/campinglaspalmeras.com\/es\/wp-json\/wp\/v2\/types\/post"}],"author":[{"embeddable":true,"href":"https:\/\/campinglaspalmeras.com\/es\/wp-json\/wp\/v2\/users\/2"}],"replies":[{"embeddable":true,"href":"https:\/\/campinglaspalmeras.com\/es\/wp-json\/wp\/v2\/comments?post=10830"}],"version-history":[{"count":1,"href":"https:\/\/campinglaspalmeras.com\/es\/wp-json\/wp\/v2\/posts\/10830\/revisions"}],"predecessor-version":[{"id":10831,"href":"https:\/\/campinglaspalmeras.com\/es\/wp-json\/wp\/v2\/posts\/10830\/revisions\/10831"}],"wp:featuredmedia":[{"embeddable":true,"href":"https:\/\/campinglaspalmeras.com\/es\/wp-json\/wp\/v2\/media\/10825"}],"wp:attachment":[{"href":"https:\/\/campinglaspalmeras.com\/es\/wp-json\/wp\/v2\/media?parent=10830"}],"wp:term":[{"taxonomy":"category","embeddable":true,"href":"https:\/\/campinglaspalmeras.com\/es\/wp-json\/wp\/v2\/categories?post=10830"},{"taxonomy":"post_tag","embeddable":true,"href":"https:\/\/campinglaspalmeras.com\/es\/wp-json\/wp\/v2\/tags?post=10830"}],"curies":[{"name":"wp","href":"https:\/\/api.w.org\/{rel}","templated":true}]}}